{"id":201,"date":"2015-07-29T11:25:46","date_gmt":"2015-07-29T09:25:46","guid":{"rendered":"http:\/\/engineertroops.no-ip.org\/domarringen\/?p=201"},"modified":"2015-07-29T11:25:46","modified_gmt":"2015-07-29T09:25:46","slug":"2015-07-29-information-fran-polisen-i-angelholm","status":"publish","type":"post","link":"https:\/\/domarringen.eu\/index.php\/2015\/07\/29\/2015-07-29-information-fran-polisen-i-angelholm\/","title":{"rendered":"2015-07-29 Information fr\u00e5n Polisen i \u00c4ngelholm"},"content":{"rendered":"<p>Hej !!<\/p>\n<p>H\u00e4r kommer lite information, har ju varit ett tag sedan sist men det beror p\u00e5 att jag haft semester och det \u00e4r ju alltid sk\u00f6nt, dock kunde man ju \u00f6nskat sig lite mer solsken men vi f\u00e5r hoppas att augusti m\u00e5nad kommer att bjuda p\u00e5 lite mer s\u00e5dant.<\/p>\n<p>Det positiva \u00e4r att inbrottsv\u00e5gen trappats av, n\u00e4r vi s\u00e5g en nedg\u00e5ng i \u00c4ngelholm och H\u00f6gan\u00e4s blev det dock en \u00f6kning i B\u00e5stad kommun. Det blir alltid s\u00e5 att det omstruktureras lite. Under den senaste m\u00e5naden har det dock bara varit 4 st inbrott i bostad i \u00c4ngelholms  kommun. Vi f\u00e5r hoppas att den trenden h\u00e5ller i sig, dock brukar det ju drar ig\u00e5ng igen fram\u00e5t h\u00f6sten d\u00e5 det blir m\u00f6rkare igen. <\/p>\n<p>Annars \u00e4r det samma varningar som vanligt g\u00e4llande BEDR\u00c4GERIERNA, f\u00e5r ni brev ifr\u00e5n upplysningscentralen att ett f\u00f6retag beg\u00e4rt ut upplysningar om er fast ni inte k\u00f6pt n\u00e5got ifr\u00e5n aktuellt f\u00f6retag s\u00e5 kontakta f\u00f6retaget och f\u00e5 stoppat k\u00f6pet som \u00e4r gjort i er namn.<\/p>\n<p>H\u00e5ll koll p\u00e5 de fakturor ni f\u00e5r s\u00e5 ni faktiskt bara betalar f\u00f6r s\u00e5dana tj\u00e4nster som ni k\u00f6pt.<\/p>\n<p>Svara aldrig ja i ett telefonsamtal med n\u00e5gon s\u00e4ljare som f\u00f6rs\u00f6ker s\u00e4lja en vara ni inte \u00e4r intresserade av.<\/p>\n<p>\u00c5LDRINGBROTT<\/p>\n<p>Sl\u00e4pp inte in n\u00e5gon i l\u00e4genheten som ni inte vet vem \u00e4r, beg\u00e4r legitimation \u00e4ven om det \u00e4r hemtj\u00e4nsten, \u00e4r ju mycket vikarier p\u00e5 sommaren och det \u00e4r l\u00e4tt att bara ta f\u00f6r givet att det \u00e4r r\u00e4tt m\u00e4nniskor som kommer vilket det inte har varit alla g\u00e5nger. Det \u00e4r helt ok att vara oartig.<\/p>\n<p>TRAFIKEN <\/p>\n<p>Ta det lugnt i sommartrafiken, Kommunen f\u00e5r ju tillskott under sommaren och det p\u00e5verkar ju trafikintensiteten.<br \/>\nFrom 10 augusti kommer jag att vara tj\u00e4nstledig 6 m\u00e5nader fram\u00f6ver. Fr\u00e5gor funderingar och annat l\u00e4mnas till LPO Chef Karim Ottosson eller till gruppchef Birgitta Bj\u00f6rk, dessa n\u00e5s via tfn 114 14 tryck 0 s\u00e4g v\u00e4xel och beg\u00e4r att bli kopplad till n\u00e5gon av dessa, b\u00e5da sitter i \u00c4ngelholm.<\/p>\n<p>Hoppas p\u00e5 att den l\u00e5ga inbrottstrenden h\u00e5ller i sig och att vi tillsammans kan forts\u00e4tta vara nyfikna s\u00e5 vi f\u00e5r in tips p\u00e5 m\u00e4rkliga bilar och m\u00e4nniskor som r\u00f6r sig i v\u00e5rt omr\u00e5de, ni som allm\u00e4nhet har stor betydelse f\u00f6r v\u00e5rt arbete !<\/p>\n<p>Mvh<\/p>\n<p>Kristina<\/p>\n","protected":false},"excerpt":{"rendered":"<p>Hej !! H\u00e4r kommer lite information, har ju varit ett tag sedan sist men det beror p\u00e5 att jag haft semester och det \u00e4r ju alltid sk\u00f6nt, dock kunde man ju \u00f6nskat sig lite mer solsken men vi f\u00e5r hoppas att augusti m\u00e5nad kommer att bjuda p\u00e5 lite mer s\u00e5dant. Det positiva \u00e4r att inbrottsv\u00e5gen [&hellip;]<\/p>\n","protected":false},"author":1,"featured_media":0,"comment_status":"open","ping_status":"closed","sticky":false,"template":"","format":"standard","meta":{"_mi_skip_tracking":false},"categories":[3],"tags":[],"_links":{"self":[{"href":"https:\/\/domarringen.eu\/index.php\/wp-json\/wp\/v2\/posts\/201"}],"collection":[{"href":"https:\/\/domarringen.eu\/index.php\/wp-json\/wp\/v2\/posts"}],"about":[{"href":"https:\/\/domarringen.eu\/index.php\/wp-json\/wp\/v2\/types\/post"}],"author":[{"embeddable":true,"href":"https:\/\/domarringen.eu\/index.php\/wp-json\/wp\/v2\/users\/1"}],"replies":[{"embeddable":true,"href":"https:\/\/domarringen.eu\/index.php\/wp-json\/wp\/v2\/comments?post=201"}],"version-history":[{"count":1,"href":"https:\/\/domarringen.eu\/index.php\/wp-json\/wp\/v2\/posts\/201\/revisions"}],"predecessor-version":[{"id":202,"href":"https:\/\/domarringen.eu\/index.php\/wp-json\/wp\/v2\/posts\/201\/revisions\/202"}],"wp:attachment":[{"href":"https:\/\/domarringen.eu\/index.php\/wp-json\/wp\/v2\/media?parent=201"}],"wp:term":[{"taxonomy":"category","embeddable":true,"href":"https:\/\/domarringen.eu\/index.php\/wp-json\/wp\/v2\/categories?post=201"},{"taxonomy":"post_tag","embeddable":true,"href":"https:\/\/domarringen.eu\/index.php\/wp-json\/wp\/v2\/tags?post=201"}],"curies":[{"name":"wp","href":"https:\/\/api.w.org\/{rel}","templated":true}]}}